{"id":2083,"date":"2012-11-13T04:20:04","date_gmt":"2012-11-13T02:20:04","guid":{"rendered":""},"modified":"2018-06-26T23:03:16","modified_gmt":"2018-06-26T20:03:16","slug":"two-friends-pedal-together-after-two-years","status":"publish","type":"post","link":"https:\/\/gurkangenc.com\/en\/2012\/11\/two-friends-pedal-together-after-two-years\/","title":{"rendered":"Two friends, pedal together after two years"},"content":{"rendered":"<p>&#8211; Gurkan I\u2019ll accompany you on your travel through North Bulgaria, Romania and Moldova till Ukraine. Then we\u2019ll see how it comes.<\/p>\n<p>&#8211; Wow. And I was so pleased to be a solo cyclist.<\/p>\n<p>&#8211; I won\u2019t come if you don\u2019t want me!<\/p>\n<p>&#8211; I know you so well. I bet we\u2019ll be riding on our own anyway. You know that I would be glad if you would come with me.<\/p>\n<p>Guess what, this news would make my mother happy. She was worried about me \u201cMy son is traveling on his own. He may not eat enough, may not be able to see after himself\u201d Look mum Nathan is coming with me. It is a happy coincidence that such a professional tourer like Nathan is going to accompany me. He had pedaled in Eastern Europe during the hardest winter period. I would definitely benefit from his experiences. By the way, when Angelina said: \u201cI also would like to come with you till the border\u201d we didn\u2019t say no.<\/p>\n<p>During the time we spent in Velingrad, we left our bicycles at the hotel and made a train trip for three hours. The train passed Yokoruda, Belitsa, Bansko and arrived in Kresna where Pomaks live. Well who are Pomaks? They are Slavic Muslims native to Bulgaria. This region and the cities, even the apparel of the inhabitants resemble our Black Sea coast but with a significant difference, the Bulgarian protected the green environment during urbanization process. Wow! Buddy! What an abundantly green region? Since we entered we were cycling in a verdant country.\u00a0 The autumn colors of vegetation are incredibly beautiful.\u00a0 In my country, the fast growing poplar tree is commonly planted to have some greenness. I noticed that there aren\u2019t any poplar trees here. Even in the cities, there are plenty of oak and pine trees.<\/p>\n<p>While I was watching TV at the hotel we were staying in Velingrad, there was news about the <em>Istanbul 1453 construction project<\/em> of Agaoglu Company. You are mentioning that this is your dream, whom are you fooling Ali Agaoglu? It\u2019s impossible for you to have such a dream. You were born and grown up in a small village you cannot change where you come&#8230; This is the dream of the youngsters born and grown up in a metropolis. Well, you would fill your pockets by realizing their dreams. Those youth had never traveled to other places but big cities. Then a man comes and creates such centers where you can live a prisoner life all inclusive next to the forest. Ali Abi (<em>elderly brother in Turkish<\/em>) how many trees have to be cut to construct this center? Just let me know. Well then, you would go there to fool around in the forest, to relax yourself in your center instead of relaxing under the mighty trees next to your cottage in silence.\u00a0 Words fail me! J<\/p>\n<p>The trek to the highest peak (2914 m) of the Pirin Mountain range was amazing.\u00a0 Some of my friends thought that I biked to the top. I mentioned the highest vehicle passages in Europe I\u2019ll pass through with my bicycle on my web page under the heading <a href=\"\/dunya-turu-yazi\/bisikletle-dunya-turu\/56\">world tour route<\/a>. I may find a higher altitude route, who knows. Then I would post a photo with my bicycle and won\u2019t just mention that I passed there for sure. J There is a spot in Spain 3600 m high but the road ends at the top, you have to go down all what you have climbed up. I really hate to return the same way I had pedaled. Therefore, I only prefer the highest vehicle passes on the world, ascending from one side and descending from the other. THAT SOUNDS GOOD! By the way, we met an unusual family at Pirin traveling with their children in a camper van. Six children are at the ages around 2 to 15. Well, being on the road, they told us that their father being a teacher educated his children in the van.They were working for six months to travel for the rest of the year. Wow! (They are traveling in Turkey for the time being)<\/p>\n<p>Trekking is not for me,especially climbing to the summits. As a one who climbed several times up to 4000 meters with the bicycle, trekking to 3000 m and shooting photos, watching the panoramic view of the mountain range is not my thing.\u00a0 But I do have respect for the others climbing higher levels. Let\u2019s give it to my laziness. Well, the pass at 6060 m that I\u2019ll going to climb in China comes in my mind J (Dude, don\u2019t say how come you climb. Two of my Chinese cyclist friends climbed that pass although it was ass cold. Well, no pain no gain.)If they had crossed the pass I\u2019ll also do it. For sure! No doubt! The next day turned out to be very tiring for me since trekking let different muscles to work other than that used for biking. For good and all I do not like to trek or climb.<\/p>\n<p>The Velingrad-Sofia stage of the tour started with a descent of the slope Angelina had let us climb for the half day. We descended exactly 24.7 km. And winter had just begun. I was wearing a wind-stopper jacket but nevertheless felt the cold. My fingers started to itch. Wuhuuu, how I screamed in Japan due to cold bite! I pedaled for days under rain, everything wetted, the weather minus 10 degrees cold, had to fasten the panniers with bare hands. It was raining and I had to descent for 10 km. I still remember how I screamed due my cold bitten fingers at the end of the descent. I\u2019ll never forget that pain. The lesson I\u2019ve learned that day is unforgettable. I was going to tell this Ayca but then left her to learn by herself. For example she might be wearing just a short sleeved T-shirt and ordinary biker gloves, plus shorts when she is climbing up a slope at 0 \u00b0C. I mentioned a lot about the clothes to be worn during my Turkey-Japan tour. If you wear only thick clothes and not layer wise, than you are going to sweat during a slope climb and freeze during descent. And then you are forced to rest for days in your tent. Unless you are choosing layer clothing you will get cold for sure. The best thing is to change your wet clothing with the dry ones when you reach the top.<\/p>\n<p>Of course, all my clothes were wet, reaching the top with that heavy load on my bike. I don\u2019t give a shit to anybody nor the cars passing by or my mates. If I only sweat even a bit I change my clothes, that\u2019s it. Angelina:<\/p>\n<p>&#8211;\u00a0\u00a0\u00a0\u00a0\u00a0\u00a0\u00a0\u00a0\u00a0Gurkan, are you stripping?<\/p>\n<p>&#8211;\u00a0\u00a0\u00a0\u00a0\u00a0\u00a0\u00a0\u00a0\u00a0 Yeaa!\u00a0 J<\/p>\n<p>I would never descent any slope as sweaty as I am. So, I put my North Face jacket on. Let\u2019s ride down the hill. At the first couple of kilometers Ayca initially didn\u2019t feel her fingers then started to shiver all over. As I told you, I always change my clothes when descending a hill especially at cold weather. I don\u2019t need get a cold in this journey at least have to minimize the risk.<\/p>\n<p>You can find a restaurant and a store in almost every small village in Bulgaria so that you need not to carry much provision when you bike through this country. Also you might find fountains in every settlement and in mountain villages, having usually good tasting water which we used both for cooking and drinking.<\/p>\n<p>(<em>For the people who are responsible for the wars in this century\u2026<\/em>)<\/p>\n<p>The night before we arrived in Sofia we camped in a town where a jet plane and a tank is exhibited in the city center. As I asked Angelina what the specialty of this town is she answered me as \u201cnothing\u201d \u201cHow come? Then why there are jet plane and tank in the middle of the town placed?\u201d \u201cJust so\u201d Really strange people, just so\u2026<\/p>\n<p>In general I camp somewhere suitable while on the road and don\u2019t seek for a special camping place. I may change my route if there are historical artifacts or a special event ahead. In that town there was a river which we decided to camp at but along another road. I checked from GPS and saw that the road was diverting from the river. Angelina spoke to some inhabitants who mentioned a suitable camping place about 100 m ahead. We arrived there and found out we had go for another 500 m. Poffff!<\/p>\n<p>The road is incredibly terrible. My bike weighs about 70 kg including the food we bought from the store. Dude, I don\u2019t want to climb this f\u2026g road. Ayca started to push her bicycle, so did Angelina. Humm.. Let\u2019s try to pedal on this stony dirt path with a 70 kg heavy bicycle. First trial: unsuccessful. Second trial: F\u2026k, I almost had fallen down. Don\u2019t use SPD. Third trial: The front wheel rises into the air with this load. Fourth trial: I\u2019ll climb this slope. I will for sure. Come onnnn. Speed up, speed up! Hehehe&#8230; If I say I climb, I do. Yes, I managed to climb up till the camping area.<\/p>\n<p>&#8211;\u00a0\u00a0\u00a0\u00a0\u00a0\u00a0\u00a0\u00a0\u00a0 Gurkan, I thought to take a photo of you while I really wished to see the moment you were pushing your bike. But then saw that you were breathing like a toro climbing with that load. I\u2019m lost for words! If I had worn a hat I would have taken it off.<\/p>\n<p>The camping area is quite nice. There is plenty of water and a nearby forest for used as a toilet. It is really a pleasureto camp at such places. One of the most challenging issues of camping is the toilet issue (not for me anymore). Since I\u2019m the one who pies right in front of the tent just unzipping the door or empty my bowel under any tree I encounter, I don\u2019t have any problems. But this is not the case for Ayca.<\/p>\n<p>The next morning we started to pedal little late. I\u2019m not the one who needs 30 minutes to drink a cup of tea and then another half an hour to tidy his tent up. Even, I neither drink tea nor coffee. On my previous tour Terry kept asking me \u201cwould you like a cup of tea?\u201d \u201cNo\u201d \u201cA cup of coffee?\u201d \u201cNo\u201d. At the end he said: \u201cGurkan, you couldn\u2019t be a Turk, how come.\u201d<\/p>\n<p>This also caught Nathan and Angelina\u2019s attention. They both asked us how we could get ready in such a short time. Everything has its place and order in my tent. I like to get ready easily to make use of day light as much as possible. Dude, another climb at the cockcrow! Poffff. That was a real climb Ayca pedaling at the front and what\u2019s more, with her panniers attached. She arrives to the top as the first (Good enough, though with reduced load)<\/p>\n<p><em>My \u201cThank goodness!\u201d photo (hahahahaha)<\/em><\/p>\n<p>We arrived in Sofia during day time giving only a couple of brakes. After a marvelous 15 days filled with nice conversations, entertainment and some tiredness we deserved a photo taken in front of the Sofia signboard. Hehehe!<\/p>\n<p>We were in close connection with Fatma Hanim from the Turkish Embassy since I entered Bulgaria. Besides helping me in terms of accommodation she kept in touch in case of emergency. I\u2019m sending her my best wishes from here once more. Thank you very much Fatma Hanim. By the way, Turkish embassy is in the building where Mustafa Kemal Ataturk had worked as the Sofia Military Attache. I was astonished when I heard that the grandmother of a friend of Angelina was the beloved of Ataturk. Angelina\u2019s words \u201cAtaturk was the most handsome man refined in his choice of apparel among the leaders\u201d surprised me.<\/p>\n<p>We have arrived in Sofia. Now, it is time to explore Sofia with Ayca. The Bulgarian restaurant next to our hotel was praised but we didn\u2019t like what we ate and it was expensive. I always say, the best way is to explore by your own where and what to eat. We paid a lot for nothing.<\/p>\n<p>There are bicycle lanes, trams, trolleybuses and no overpasses in the city. Even, there aren\u2019t any traffic lambs. On crosswalks drivers stop immediately as soon as you step on the street. There are slopes suitable for bicycles and baby cars at exits of underpasses. Everything what a citizen needs but Sofia was not prized for being the best European capital. Dude, how come Ankara was prized for? Or why and how? Could never understand. Send me the address of the institution written underneath the award placed at Kizilay square, if it is on my route I\u2019ll go and check. I\u2019ll ask whether they really acquainted with our mayor.<\/p>\n<p>I also had the opportunity to attend the October 29<sup>th<\/sup> celebrations (<em>On this day in 1923 Ataturk declared that Turkey would be a republic and officially renamed as the Republic of Turkey<\/em>) held by our embassy. I attended the reception but had to leave early because I had to see Ayca off. When you arrive to Bulgaria over Turkey nobody cares. Remember, in my previous tour they didn\u2019t even let me enter the embassy in Georgia. Fortunately, this was not the case in the first country of my world tour. But if you go to China, our ambassador Murat Abi would invite you for a meal. Our Mongolia ambassador As\u0131m Abi even sent an invitation letter on behalf of me. He also entertained me with his family. Our Japan ambassador offered his official car for sightseeing. J We\u2019ll see what happens in this tour. Let\u2019s say at our Portuguese embassy.<\/p>\n<p>While visiting the touristic attractions in Sofia a museum caught my attention. A mosque was turned into an archeological museum. From inside you cannot observe the motives on the domes all painted over. I went to the director of the museum together with Angelina to find out what happened.\u00a0 The minaret was broken down during an earthquake and the motives were plastered during the communism era. It is thought that this mosque was built by the great Ottoman architect Mimar Sinan. Unfortunately, since this museum does not have budget those motives remain covered. He mentions that the ambiance of the interior would change tremendously and even increase the number of visitors if these motives would have been uncovered. By the way, German and Japanese companies had given some financial support to the restoration efforts of this museum. J<\/p>\n<p>\u201cDrag Store\u201d is the best bicycle store in the city. I would say that they sell really high quality products. I was surprised about the prices being almost the same as that in Turkey. Probably, this store was taking the advantage of being the only onein the city.<\/p>\n<p>Angelina arranged her friend Sasho\u2019s place for me and Nathan to hold our presentations during our stay in Sofia. We went to meet Sasho. As I mentioned that I went to Japan, he said: \u201cI know you. You had a friend Caner traveling in Spain with his bicycle. He had told me about you!\u201d How come? Dude, my friend Caner! I had met with him in Trabzon at Cihad\u2019s house. Afterwards, he followed us for a while and after a couple of months he started to his own journey. Now he is in Nevsehir taking culinary education. Wow, I made the world shrink once more! I guess such things happen to anyone on this type of journey. This is the base of such a journey. A voyager makes the world shrink.<\/p>\n<p>I couldn\u2019t go to Kardzhali but received walnuts from there. Ergin was following me since my Japan tour. He came to the hotel I stayed in Sofia. \u201cAbi, I brought walnuts for you. Eat them while on the road, you will power up\u201d. Honestly, while pedaling between Sofia and Ruse I ate a handful of these walnuts whenever I got tired.<\/p>\n<p>It started to rain at the day we planned to depart. Angelina:<\/p>\n<p>&#8211;\u00a0\u00a0\u00a0\u00a0\u00a0\u00a0\u00a0\u00a0\u00a0 Gurkan it is raining. Will we depart anyway?<\/p>\n<p>Actually, this question was asked in a mood \u201cbetter to stay here\u201d. The answer was: \u201cOf course we are departing\u201d I didn\u2019t buy all that stuff for no reason but to remain mobile under every weather condition. We used our GPS to get out of the city.<\/p>\n<p>While strolling to get out of the city a car just stopped in front me. The driver ran towards me. He asked whether we need any help first in English then in French. I said no unwillingly but heard a heart breaking noise from the rear derailleur! Turned backward to look what happened\u2026<\/p>\n<p>Let me see! Oh no! What on earth! One of the screws connecting the back rack to the frame had broken and a part of it stuck in the frame. Dude! We had just departed. Poffff. Nathan just took a look and said: \u201cI can fix it but will take time\u201d. He showed me how. You really can take the broken part of the screw out of the frame by this method but will take some time. By the way, the driver who stopped us was a cyclist. How come, dude? Cometh the hour cometh the man. He brought us to a welder. It took only two minutes to fix.<\/p>\n<p>By the way, I had fallen down with my bicycle on that side of the rack and was dragged along a few meters in Edirne.. J I had a couple of black and blue marks and scratches but the rack suffered some damage.<\/p>\n<p>I\u2019m not going to mention the details of our 8 days tour with Angelina and Nathan. This was completely dedicated to Angelina and I got really tired. During these 8 days, we pedaled about 100 km with a total ascent of 1500 m per day and sleeping in tents every night. This made me exhausted. I wished to arrive to Ruse in the shortest time and to cross to Romania. She kept saying: \u201cGurkan, you carry too much load\u201d. Dude! I\u2019m not on a two week or two months trip. I\u2019m on a 7 years tour. Even though, as time passed on the road I reduced my weight drastically. Even, I have limited number of spare capscrews, two pairs from each. I reduced the total weight of the bicycle down to 52 kg (15 kg bicycle, 32 kg rear and front bags, 2 kg attachments on the bicycle). For the time being the thing that bothers me is the spare XT chain that I carry with me. I\u2019m wondering how long the XTR chain would last. It has got 2000 km on it and with this heavy load works quite well on slopes. Let\u2019s see for how long it will last. J<\/p>\n<p>Anyway, at the end we also visited very nice places with Nathan and Angelina. Especially the Devetashka cave and its interior covered with drawings made me astonish. I had encountered at interesting places and had looked into researched such drawings or figures during my previous tours. It is really interesting how populations migrated and how the civilizations resemble each other. If I come to a conclusion I would share with you. The drawings in the cave date back more than 70 000 years. There are also other traces of human presence dating to that time. The cave is 13 km long which you can pass through but only a part of cave is open for visitors. To come to the cave you need to cross a newly built bridge financed by Sylvester Stallone. How come? Then I remember his movie \u201cThe Expandable 2\u201d. This cave was chosen as the location for a scene in that movie. Since it was not easy to get to the cave he let a bridge built. J<\/p>\n<p>Well, what kind of a country is Bulgaria\u2026 First of all was impressed by its abundant verdancy. I didn\u2019t see a single spot void of trees accept cropland. The highly fertile soil results in exceptionally delicious fruits and vegetables. Since there are too many Muslims living in this country, they pay attention on pork meat issue. There are differences in all terms between the villages and towns in the north and that in the south.The cities I liked most were Velingrad, Sofia and Veliko Trinova.Sofia is the most expensive city compared to the others in Bulgaria.\u00a0You can find a room in a 2 or 3 stars hotel for 30 Lari per night in every town, even for 20 Lari if you bargain, except in Sofia. Askind to old and young you\u2019ll hear all saying: \u201cThings were better under communist regime\u201d A shepherd I met in a village immigrated to Bursa in Turkey at 90s but couldn\u2019t fit in and returned to his village. He said: \u201cWe are people of communist era. We can\u2019t do it in Turkey\u201d. Even the poverty of rural got your attention you can see the fire of ovens from each house. After the end of Soviet era the cropland was shared among the inhabitants but since the villagers didn\u2019t have enough money for gasoline and other equipments things are being regulated by agricultural land mafia nowadays. They plough the land, pay the owner monthly and grab the rest.<\/p>\n<p>Meanwhile, we were hosted by a Bulgarian family. They were very hospital and saw us off till the exit of the town. We had great time with their baby girl like always I do.<\/p>\n<p>In almost every city you may encounter Gypsy or Romany peopleall knowing Turkish. If situation is okay they said \u201cWe are Turk.\u201d if it is not they said \u201cWe are not Turk.\u201d While we were seeing off Angelina, they were talking among themselves:<\/p>\n<p>&#8211;\u00a0\u00a0\u00a0\u00a0\u00a0\u00a0\u00a0\u00a0\u00a0 See me! How I fill my pockets by those stupid tourists?<\/p>\n<p>He was saying this loudly. My response was:<\/p>\n<p>&#8211;\u00a0\u00a0\u00a0\u00a0\u00a0\u00a0\u00a0\u00a0\u00a0 Whom you are calling stupid?<\/p>\n<p>&#8211;\u00a0\u00a0\u00a0\u00a0\u00a0\u00a0\u00a0\u00a0\u00a0 Aaabii abii abii are you Turk.. Well, we don\u2019t have money.<\/p>\n<p>&#8211;\u00a0\u00a0\u00a0\u00a0\u00a0\u00a0\u00a0\u00a0\u00a0 F..k you. You look physically sound and strong, go to work.<\/p>\n<p>That is the situation\u2026.<\/p>\n<p>The distances between the cities I had pedaled in Bulgaria: J<\/p>\n<p>Edirne Kapikule &#8211; Svilengrad: 15 km<\/p>\n<p>Svilengrad &#8211; Mezek &#8211; Harmanli: 56 km<\/p>\n<p>Kardzhali (Karagozler) &#8211; Asenovgrad: 61km<\/p>\n<p>Asenovgrad &#8211; Pazardzhik: 66 km<\/p>\n<p>Pazardzhik &#8211; Velingrad: 50 km<\/p>\n<p>Velingrad &#8211; Bayaman: 79 km<\/p>\n<p>Bayaman &#8211; Sofia: 87 km<\/p>\n<p>Sofya \u2013 A village near Iskar river: 39 km<\/p>\n<p>Iskar river &#8211; Roman: 100 km<\/p>\n<p>Roman &#8211; Devetashka Cave: 104 km<\/p>\n<p>Devetaki &#8211; Dobromirka: 55 km<\/p>\n<p>Dobromirka &#8211; Veliko Tarnovo: 40 km<\/p>\n<p>Veliko Tarnovo &#8211; Byala: 57 km<\/p>\n<p>Byala &#8211; Ruse: 78 km<\/p>\n<p>Together with the strolls in the cities I pedaled 963 km on the total in Bulgaria.<\/p>\n<p>NOW THE NEXT COUNTRY IS ROMANIA\u2026 Carpathia wait for me, I\u2019m coming<\/p>\n<p><strong>\u00a0<\/strong><\/p>\n","protected":false},"excerpt":{"rendered":"<p>&#8211; Gurkan I\u2019ll accompany you on your travel through North Bulgaria, Romania and Moldova till Ukraine. Then we\u2019ll see how it comes. &#8211; Wow. And I was so pleased to be a solo cyclist. &#8211; I won\u2019t come if you don\u2019t want me! &#8211; I know you so well. I bet we\u2019ll be riding on [&hellip;]<\/p>\n","protected":false},"author":1,"featured_media":2465,"comment_status":"open","ping_status":"open","sticky":false,"template":"","format":"standard","meta":{"footnotes":""},"categories":[101,117,121],"tags":[],"class_list":["post-2083","post","type-post","status-publish","format-standard","has-post-thumbnail","hentry","category-world-tour","category-europe","category-bulgaria"],"yoast_head":"<!-- This site is optimized with the Yoast SEO plugin v25.0 - https:\/\/yoast.com\/wordpress\/plugins\/seo\/ -->\n<title>Two friends, pedal together after two years &#8211; G\u00fcrkan Gen\u00e7<\/title>\n<meta name=\"robots\" content=\"index, follow, max-snippet:-1, max-image-preview:large, max-video-preview:-1\" \/>\n<link rel=\"canonical\" href=\"https:\/\/gurkangenc.com\/en\/2012\/11\/two-friends-pedal-together-after-two-years\/\" \/>\n<meta property=\"og:locale\" content=\"en_US\" \/>\n<meta property=\"og:type\" content=\"article\" \/>\n<meta property=\"og:title\" content=\"Two friends, pedal together after two years &#8211; G\u00fcrkan Gen\u00e7\" \/>\n<meta property=\"og:description\" content=\"&#8211; Gurkan I\u2019ll accompany you on your travel through North Bulgaria, Romania and Moldova till Ukraine. Then we\u2019ll see how it comes. &#8211; Wow. And I was so pleased to be a solo cyclist. &#8211; I won\u2019t come if you don\u2019t want me! &#8211; I know you so well. I bet we\u2019ll be riding on [&hellip;]\" \/>\n<meta property=\"og:url\" content=\"https:\/\/gurkangenc.com\/en\/2012\/11\/two-friends-pedal-together-after-two-years\/\" \/>\n<meta property=\"og:site_name\" content=\"G\u00fcrkan Gen\u00e7\" \/>\n<meta property=\"article:publisher\" content=\"https:\/\/www.facebook.com\/GurkanGENCpedallaR\" \/>\n<meta property=\"article:author\" content=\"https:\/\/www.facebook.com\/GurkanGENCpedallaR\" \/>\n<meta property=\"article:published_time\" content=\"2012-11-13T02:20:04+00:00\" \/>\n<meta property=\"article:modified_time\" content=\"2018-06-26T20:03:16+00:00\" \/>\n<meta property=\"og:image\" content=\"https:\/\/gurkangenc.com\/wp-content\/uploads\/2013\/11\/t_article-111.jpg\" \/>\n\t<meta property=\"og:image:width\" content=\"300\" \/>\n\t<meta property=\"og:image:height\" content=\"169\" \/>\n\t<meta property=\"og:image:type\" content=\"image\/jpeg\" \/>\n<meta name=\"author\" content=\"G\u00fcrkan Gen\u00e7\" \/>\n<meta name=\"twitter:card\" content=\"summary_large_image\" \/>\n<meta name=\"twitter:creator\" content=\"@https:\/\/twitter.com\/Gurkan_Genc\" \/>\n<meta name=\"twitter:site\" content=\"@Gurkan_Genc\" \/>\n<meta name=\"twitter:label1\" content=\"Written by\" \/>\n\t<meta name=\"twitter:data1\" content=\"G\u00fcrkan Gen\u00e7\" \/>\n\t<meta name=\"twitter:label2\" content=\"Est. reading time\" \/>\n\t<meta name=\"twitter:data2\" content=\"19 minutes\" \/>\n<script type=\"application\/ld+json\" class=\"yoast-schema-graph\">{\"@context\":\"https:\/\/schema.org\",\"@graph\":[{\"@type\":\"Article\",\"@id\":\"https:\/\/gurkangenc.com\/en\/2012\/11\/two-friends-pedal-together-after-two-years\/#article\",\"isPartOf\":{\"@id\":\"https:\/\/gurkangenc.com\/en\/2012\/11\/two-friends-pedal-together-after-two-years\/\"},\"author\":{\"name\":\"G\u00fcrkan Gen\u00e7\",\"@id\":\"https:\/\/gurkangenc.com\/#\/schema\/person\/47c3b4227935c2742b741a354cb65e4d\"},\"headline\":\"Two friends, pedal together after two years\",\"datePublished\":\"2012-11-13T02:20:04+00:00\",\"dateModified\":\"2018-06-26T20:03:16+00:00\",\"mainEntityOfPage\":{\"@id\":\"https:\/\/gurkangenc.com\/en\/2012\/11\/two-friends-pedal-together-after-two-years\/\"},\"wordCount\":3854,\"commentCount\":0,\"publisher\":{\"@id\":\"https:\/\/gurkangenc.com\/#\/schema\/person\/47c3b4227935c2742b741a354cb65e4d\"},\"image\":{\"@id\":\"https:\/\/gurkangenc.com\/en\/2012\/11\/two-friends-pedal-together-after-two-years\/#primaryimage\"},\"thumbnailUrl\":\"https:\/\/gurkangenc.com\/wp-content\/uploads\/2013\/11\/t_article-111.jpg\",\"articleSection\":[\"World Tour\",\"Europe\",\"Bulgaria\"],\"inLanguage\":\"en-US\",\"potentialAction\":[{\"@type\":\"CommentAction\",\"name\":\"Comment\",\"target\":[\"https:\/\/gurkangenc.com\/en\/2012\/11\/two-friends-pedal-together-after-two-years\/#respond\"]}]},{\"@type\":\"WebPage\",\"@id\":\"https:\/\/gurkangenc.com\/en\/2012\/11\/two-friends-pedal-together-after-two-years\/\",\"url\":\"https:\/\/gurkangenc.com\/en\/2012\/11\/two-friends-pedal-together-after-two-years\/\",\"name\":\"Two friends, pedal together after two years &#8211; G\u00fcrkan Gen\u00e7\",\"isPartOf\":{\"@id\":\"https:\/\/gurkangenc.com\/#website\"},\"primaryImageOfPage\":{\"@id\":\"https:\/\/gurkangenc.com\/en\/2012\/11\/two-friends-pedal-together-after-two-years\/#primaryimage\"},\"image\":{\"@id\":\"https:\/\/gurkangenc.com\/en\/2012\/11\/two-friends-pedal-together-after-two-years\/#primaryimage\"},\"thumbnailUrl\":\"https:\/\/gurkangenc.com\/wp-content\/uploads\/2013\/11\/t_article-111.jpg\",\"datePublished\":\"2012-11-13T02:20:04+00:00\",\"dateModified\":\"2018-06-26T20:03:16+00:00\",\"breadcrumb\":{\"@id\":\"https:\/\/gurkangenc.com\/en\/2012\/11\/two-friends-pedal-together-after-two-years\/#breadcrumb\"},\"inLanguage\":\"en-US\",\"potentialAction\":[{\"@type\":\"ReadAction\",\"target\":[\"https:\/\/gurkangenc.com\/en\/2012\/11\/two-friends-pedal-together-after-two-years\/\"]}]},{\"@type\":\"ImageObject\",\"inLanguage\":\"en-US\",\"@id\":\"https:\/\/gurkangenc.com\/en\/2012\/11\/two-friends-pedal-together-after-two-years\/#primaryimage\",\"url\":\"https:\/\/gurkangenc.com\/wp-content\/uploads\/2013\/11\/t_article-111.jpg\",\"contentUrl\":\"https:\/\/gurkangenc.com\/wp-content\/uploads\/2013\/11\/t_article-111.jpg\",\"width\":300,\"height\":169},{\"@type\":\"BreadcrumbList\",\"@id\":\"https:\/\/gurkangenc.com\/en\/2012\/11\/two-friends-pedal-together-after-two-years\/#breadcrumb\",\"itemListElement\":[{\"@type\":\"ListItem\",\"position\":1,\"name\":\"Ana sayfa\",\"item\":\"https:\/\/gurkangenc.com\/en\/\"},{\"@type\":\"ListItem\",\"position\":2,\"name\":\"Two friends, pedal together after two years\"}]},{\"@type\":\"WebSite\",\"@id\":\"https:\/\/gurkangenc.com\/#website\",\"url\":\"https:\/\/gurkangenc.com\/\",\"name\":\"G\u00fcrkan Gen\u00e7\",\"description\":\"Demir Atl\u0131 Adam\",\"publisher\":{\"@id\":\"https:\/\/gurkangenc.com\/#\/schema\/person\/47c3b4227935c2742b741a354cb65e4d\"},\"potentialAction\":[{\"@type\":\"SearchAction\",\"target\":{\"@type\":\"EntryPoint\",\"urlTemplate\":\"https:\/\/gurkangenc.com\/?s={search_term_string}\"},\"query-input\":{\"@type\":\"PropertyValueSpecification\",\"valueRequired\":true,\"valueName\":\"search_term_string\"}}],\"inLanguage\":\"en-US\"},{\"@type\":[\"Person\",\"Organization\"],\"@id\":\"https:\/\/gurkangenc.com\/#\/schema\/person\/47c3b4227935c2742b741a354cb65e4d\",\"name\":\"G\u00fcrkan Gen\u00e7\",\"image\":{\"@type\":\"ImageObject\",\"inLanguage\":\"en-US\",\"@id\":\"https:\/\/gurkangenc.com\/#\/schema\/person\/image\/\",\"url\":\"https:\/\/gurkangenc.com\/wp-content\/uploads\/2017\/02\/gglogo.png\",\"contentUrl\":\"https:\/\/gurkangenc.com\/wp-content\/uploads\/2017\/02\/gglogo.png\",\"width\":208,\"height\":29,\"caption\":\"G\u00fcrkan Gen\u00e7\"},\"logo\":{\"@id\":\"https:\/\/gurkangenc.com\/#\/schema\/person\/image\/\"},\"description\":\"Bisikleti ile uluslararas\u0131 geziler yapan, macerac\u0131, blog yazar\u0131 , amat\u00f6r foto\u011fraf\u00e7\u0131, konu\u015fmac\u0131, giri\u015fimci gezgin.\",\"sameAs\":[\"http:\/\/www.gurkangenc.com\",\"https:\/\/www.facebook.com\/GurkanGENCpedallaR\",\"https:\/\/www.instagram.com\/gurkangencc\/\",\"https:\/\/x.com\/https:\/\/twitter.com\/Gurkan_Genc\",\"https:\/\/www.youtube.com\/user\/Atomicgmac\"],\"url\":\"https:\/\/gurkangenc.com\/en\/author\/gadmin\/\"}]}<\/script>\n<!-- \/ Yoast SEO plugin. -->","yoast_head_json":{"title":"Two friends, pedal together after two years &#8211; G\u00fcrkan Gen\u00e7","robots":{"index":"index","follow":"follow","max-snippet":"max-snippet:-1","max-image-preview":"max-image-preview:large","max-video-preview":"max-video-preview:-1"},"canonical":"https:\/\/gurkangenc.com\/en\/2012\/11\/two-friends-pedal-together-after-two-years\/","og_locale":"en_US","og_type":"article","og_title":"Two friends, pedal together after two years &#8211; G\u00fcrkan Gen\u00e7","og_description":"&#8211; Gurkan I\u2019ll accompany you on your travel through North Bulgaria, Romania and Moldova till Ukraine. Then we\u2019ll see how it comes. &#8211; Wow. And I was so pleased to be a solo cyclist. &#8211; I won\u2019t come if you don\u2019t want me! &#8211; I know you so well. I bet we\u2019ll be riding on [&hellip;]","og_url":"https:\/\/gurkangenc.com\/en\/2012\/11\/two-friends-pedal-together-after-two-years\/","og_site_name":"G\u00fcrkan Gen\u00e7","article_publisher":"https:\/\/www.facebook.com\/GurkanGENCpedallaR","article_author":"https:\/\/www.facebook.com\/GurkanGENCpedallaR","article_published_time":"2012-11-13T02:20:04+00:00","article_modified_time":"2018-06-26T20:03:16+00:00","og_image":[{"width":300,"height":169,"url":"https:\/\/gurkangenc.com\/wp-content\/uploads\/2013\/11\/t_article-111.jpg","type":"image\/jpeg"}],"author":"G\u00fcrkan Gen\u00e7","twitter_card":"summary_large_image","twitter_creator":"@https:\/\/twitter.com\/Gurkan_Genc","twitter_site":"@Gurkan_Genc","twitter_misc":{"Written by":"G\u00fcrkan Gen\u00e7","Est. reading time":"19 minutes"},"schema":{"@context":"https:\/\/schema.org","@graph":[{"@type":"Article","@id":"https:\/\/gurkangenc.com\/en\/2012\/11\/two-friends-pedal-together-after-two-years\/#article","isPartOf":{"@id":"https:\/\/gurkangenc.com\/en\/2012\/11\/two-friends-pedal-together-after-two-years\/"},"author":{"name":"G\u00fcrkan Gen\u00e7","@id":"https:\/\/gurkangenc.com\/#\/schema\/person\/47c3b4227935c2742b741a354cb65e4d"},"headline":"Two friends, pedal together after two years","datePublished":"2012-11-13T02:20:04+00:00","dateModified":"2018-06-26T20:03:16+00:00","mainEntityOfPage":{"@id":"https:\/\/gurkangenc.com\/en\/2012\/11\/two-friends-pedal-together-after-two-years\/"},"wordCount":3854,"commentCount":0,"publisher":{"@id":"https:\/\/gurkangenc.com\/#\/schema\/person\/47c3b4227935c2742b741a354cb65e4d"},"image":{"@id":"https:\/\/gurkangenc.com\/en\/2012\/11\/two-friends-pedal-together-after-two-years\/#primaryimage"},"thumbnailUrl":"https:\/\/gurkangenc.com\/wp-content\/uploads\/2013\/11\/t_article-111.jpg","articleSection":["World Tour","Europe","Bulgaria"],"inLanguage":"en-US","potentialAction":[{"@type":"CommentAction","name":"Comment","target":["https:\/\/gurkangenc.com\/en\/2012\/11\/two-friends-pedal-together-after-two-years\/#respond"]}]},{"@type":"WebPage","@id":"https:\/\/gurkangenc.com\/en\/2012\/11\/two-friends-pedal-together-after-two-years\/","url":"https:\/\/gurkangenc.com\/en\/2012\/11\/two-friends-pedal-together-after-two-years\/","name":"Two friends, pedal together after two years &#8211; G\u00fcrkan Gen\u00e7","isPartOf":{"@id":"https:\/\/gurkangenc.com\/#website"},"primaryImageOfPage":{"@id":"https:\/\/gurkangenc.com\/en\/2012\/11\/two-friends-pedal-together-after-two-years\/#primaryimage"},"image":{"@id":"https:\/\/gurkangenc.com\/en\/2012\/11\/two-friends-pedal-together-after-two-years\/#primaryimage"},"thumbnailUrl":"https:\/\/gurkangenc.com\/wp-content\/uploads\/2013\/11\/t_article-111.jpg","datePublished":"2012-11-13T02:20:04+00:00","dateModified":"2018-06-26T20:03:16+00:00","breadcrumb":{"@id":"https:\/\/gurkangenc.com\/en\/2012\/11\/two-friends-pedal-together-after-two-years\/#breadcrumb"},"inLanguage":"en-US","potentialAction":[{"@type":"ReadAction","target":["https:\/\/gurkangenc.com\/en\/2012\/11\/two-friends-pedal-together-after-two-years\/"]}]},{"@type":"ImageObject","inLanguage":"en-US","@id":"https:\/\/gurkangenc.com\/en\/2012\/11\/two-friends-pedal-together-after-two-years\/#primaryimage","url":"https:\/\/gurkangenc.com\/wp-content\/uploads\/2013\/11\/t_article-111.jpg","contentUrl":"https:\/\/gurkangenc.com\/wp-content\/uploads\/2013\/11\/t_article-111.jpg","width":300,"height":169},{"@type":"BreadcrumbList","@id":"https:\/\/gurkangenc.com\/en\/2012\/11\/two-friends-pedal-together-after-two-years\/#breadcrumb","itemListElement":[{"@type":"ListItem","position":1,"name":"Ana sayfa","item":"https:\/\/gurkangenc.com\/en\/"},{"@type":"ListItem","position":2,"name":"Two friends, pedal together after two years"}]},{"@type":"WebSite","@id":"https:\/\/gurkangenc.com\/#website","url":"https:\/\/gurkangenc.com\/","name":"G\u00fcrkan Gen\u00e7","description":"Demir Atl\u0131 Adam","publisher":{"@id":"https:\/\/gurkangenc.com\/#\/schema\/person\/47c3b4227935c2742b741a354cb65e4d"},"potentialAction":[{"@type":"SearchAction","target":{"@type":"EntryPoint","urlTemplate":"https:\/\/gurkangenc.com\/?s={search_term_string}"},"query-input":{"@type":"PropertyValueSpecification","valueRequired":true,"valueName":"search_term_string"}}],"inLanguage":"en-US"},{"@type":["Person","Organization"],"@id":"https:\/\/gurkangenc.com\/#\/schema\/person\/47c3b4227935c2742b741a354cb65e4d","name":"G\u00fcrkan Gen\u00e7","image":{"@type":"ImageObject","inLanguage":"en-US","@id":"https:\/\/gurkangenc.com\/#\/schema\/person\/image\/","url":"https:\/\/gurkangenc.com\/wp-content\/uploads\/2017\/02\/gglogo.png","contentUrl":"https:\/\/gurkangenc.com\/wp-content\/uploads\/2017\/02\/gglogo.png","width":208,"height":29,"caption":"G\u00fcrkan Gen\u00e7"},"logo":{"@id":"https:\/\/gurkangenc.com\/#\/schema\/person\/image\/"},"description":"Bisikleti ile uluslararas\u0131 geziler yapan, macerac\u0131, blog yazar\u0131 , amat\u00f6r foto\u011fraf\u00e7\u0131, konu\u015fmac\u0131, giri\u015fimci gezgin.","sameAs":["http:\/\/www.gurkangenc.com","https:\/\/www.facebook.com\/GurkanGENCpedallaR","https:\/\/www.instagram.com\/gurkangencc\/","https:\/\/x.com\/https:\/\/twitter.com\/Gurkan_Genc","https:\/\/www.youtube.com\/user\/Atomicgmac"],"url":"https:\/\/gurkangenc.com\/en\/author\/gadmin\/"}]}},"_links":{"self":[{"href":"https:\/\/gurkangenc.com\/en\/wp-json\/wp\/v2\/posts\/2083","targetHints":{"allow":["GET"]}}],"collection":[{"href":"https:\/\/gurkangenc.com\/en\/wp-json\/wp\/v2\/posts"}],"about":[{"href":"https:\/\/gurkangenc.com\/en\/wp-json\/wp\/v2\/types\/post"}],"author":[{"embeddable":true,"href":"https:\/\/gurkangenc.com\/en\/wp-json\/wp\/v2\/users\/1"}],"replies":[{"embeddable":true,"href":"https:\/\/gurkangenc.com\/en\/wp-json\/wp\/v2\/comments?post=2083"}],"version-history":[{"count":3,"href":"https:\/\/gurkangenc.com\/en\/wp-json\/wp\/v2\/posts\/2083\/revisions"}],"predecessor-version":[{"id":47963,"href":"https:\/\/gurkangenc.com\/en\/wp-json\/wp\/v2\/posts\/2083\/revisions\/47963"}],"wp:featuredmedia":[{"embeddable":true,"href":"https:\/\/gurkangenc.com\/en\/wp-json\/wp\/v2\/media\/2465"}],"wp:attachment":[{"href":"https:\/\/gurkangenc.com\/en\/wp-json\/wp\/v2\/media?parent=2083"}],"wp:term":[{"taxonomy":"category","embeddable":true,"href":"https:\/\/gurkangenc.com\/en\/wp-json\/wp\/v2\/categories?post=2083"},{"taxonomy":"post_tag","embeddable":true,"href":"https:\/\/gurkangenc.com\/en\/wp-json\/wp\/v2\/tags?post=2083"}],"curies":[{"name":"wp","href":"https:\/\/api.w.org\/{rel}","templated":true}]}}